{"id":821,"date":"2022-12-06T07:06:22","date_gmt":"2022-12-06T07:06:22","guid":{"rendered":"https:\/\/arbetarkultur.se\/?p=821"},"modified":"2022-12-12T11:08:43","modified_gmt":"2022-12-12T11:08:43","slug":"oskar-lundborg-nykterist-iogt-medlem-socialdemokrat-och-enbildningskampe","status":"publish","type":"post","link":"https:\/\/arbetarkultur.se\/?p=821","title":{"rendered":"Oskar Lundborg, nykterist, IOGT-medlem, socialdemokrat och en bildningsk\u00e4mpe"},"content":{"rendered":"\n<p><strong>Tid:<\/strong> Tisdagen 13 december 2022, kl 18:00-19:00<\/p>\n\n\n\n<p><strong>Plats:<\/strong> <a href=\"https:\/\/us06web.zoom.us\/j\/86851014212\">Webinarium via Zoom<\/a>.<\/p>\n\n\n\n<p>Historikern och fackboksf\u00f6rl\u00e4ggaren <strong>Anders Gustafson<\/strong> har genom djupdykningar i arkiven f\u00f6ljt Oskar Lundborgs intensiva men korta liv som pr\u00e4glades av ett folkbildningsarbete av det breda slaget \u2013 litteratur och samh\u00e4llsfr\u00e5gor liksom fredsfr\u00e5gor i ett internationellt perspektiv. F\u00f6r sin artikel tilldelas Anders Gustafson 2021 \u00e5rs Kjersti Bosdotterpris i Arbetarhistoria.<\/p>\n\n\n\n<p><strong>Arrang\u00f6rer:<\/strong> AKS, ARAB och ABF Stockholm<\/p>\n","protected":false},"excerpt":{"rendered":"<p>Tid: Tisdagen 13 december 2022, kl 18:00-19:00 Plats: Webinarium via Zoom. Historikern och fackboksf\u00f6rl\u00e4ggaren Anders Gustafson har genom djupdykningar i arkiven f\u00f6ljt Oskar Lundborgs&#8230;<\/p>\n","protected":false},"author":1,"featured_media":0,"comment_status":"open","ping_status":"open","sticky":false,"template":"","format":"standard","meta":{"footnotes":""},"categories":[1,9],"tags":[],"class_list":["post-821","post","type-post","status-publish","format-standard","hentry","category-nyheter","category-seminarier-och-moten"],"_links":{"self":[{"href":"https:\/\/arbetarkultur.se\/index.php?rest_route=\/wp\/v2\/posts\/821","targetHints":{"allow":["GET"]}}],"collection":[{"href":"https:\/\/arbetarkultur.se\/index.php?rest_route=\/wp\/v2\/posts"}],"about":[{"href":"https:\/\/arbetarkultur.se\/index.php?rest_route=\/wp\/v2\/types\/post"}],"author":[{"embeddable":true,"href":"https:\/\/arbetarkultur.se\/index.php?rest_route=\/wp\/v2\/users\/1"}],"replies":[{"embeddable":true,"href":"https:\/\/arbetarkultur.se\/index.php?rest_route=%2Fwp%2Fv2%2Fcomments&post=821"}],"version-history":[{"count":5,"href":"https:\/\/arbetarkultur.se\/index.php?rest_route=\/wp\/v2\/posts\/821\/revisions"}],"predecessor-version":[{"id":849,"href":"https:\/\/arbetarkultur.se\/index.php?rest_route=\/wp\/v2\/posts\/821\/revisions\/849"}],"wp:attachment":[{"href":"https:\/\/arbetarkultur.se\/index.php?rest_route=%2Fwp%2Fv2%2Fmedia&parent=821"}],"wp:term":[{"taxonomy":"category","embeddable":true,"href":"https:\/\/arbetarkultur.se\/index.php?rest_route=%2Fwp%2Fv2%2Fcategories&post=821"},{"taxonomy":"post_tag","embeddable":true,"href":"https:\/\/arbetarkultur.se\/index.php?rest_route=%2Fwp%2Fv2%2Ftags&post=821"}],"curies":[{"name":"wp","href":"https:\/\/api.w.org\/{rel}","templated":true}]}}