{"id":859,"date":"2022-12-14T11:28:10","date_gmt":"2022-12-14T11:28:10","guid":{"rendered":"https:\/\/arbetarkultur.se\/?p=859"},"modified":"2022-12-14T11:28:10","modified_gmt":"2022-12-14T11:28:10","slug":"kjersti-bosdotterpriset-2021-gar-till-anders-gustafson","status":"publish","type":"post","link":"https:\/\/arbetarkultur.se\/?p=859","title":{"rendered":"Kjersti Bosdotterpriset 2021 g\u00e5r till Anders Gustafson"},"content":{"rendered":"\n<p>Grattis till Anders Gustafson, som f\u00e5r Kjersti Bosdotter-priset 2021 f\u00f6r b\u00e4sta artikel i\u00a0<em>Arbetarhistoria<\/em>. Priset blev instiftat 2010 f\u00f6r att tacka Kjersti Bosdotter, tidigare kulturombudsman vid IF Metall, f\u00f6r hennes stora engagemang f\u00f6r Arbetarr\u00f6relsens arkiv och bibliotek. Kjersti \u00e4r ocks\u00e5 ordf\u00f6rande f\u00f6r Arbetarnas kulturhistoriska s\u00e4llskap.<\/p>\n\n\n\n<p>L\u00e4s mer hos <a href=\"https:\/\/www.arbark.se\/sv\/2022\/12\/kjersti-bosdotterpriset-2021-gar-till-anders-gustafson\/?fbclid=IwAR2mY4JfhLjz6WbYeq8idoz5mUgVkxpQewV0tHOXYBtV9S2rjw2bVC-WXrQ\">Arbetarr\u00f6relsens arkiv och bilbliotek<\/a>.<\/p>\n","protected":false},"excerpt":{"rendered":"<p>Grattis till Anders Gustafson, som f\u00e5r Kjersti Bosdotter-priset 2021 f\u00f6r b\u00e4sta artikel i\u00a0Arbetarhistoria. Priset blev instiftat 2010 f\u00f6r att tacka Kjersti Bosdotter, tidigare kulturombudsman&#8230;<\/p>\n","protected":false},"author":1,"featured_media":0,"comment_status":"open","ping_status":"open","sticky":false,"template":"","format":"standard","meta":{"footnotes":""},"categories":[1],"tags":[],"class_list":["post-859","post","type-post","status-publish","format-standard","hentry","category-nyheter"],"_links":{"self":[{"href":"https:\/\/arbetarkultur.se\/index.php?rest_route=\/wp\/v2\/posts\/859","targetHints":{"allow":["GET"]}}],"collection":[{"href":"https:\/\/arbetarkultur.se\/index.php?rest_route=\/wp\/v2\/posts"}],"about":[{"href":"https:\/\/arbetarkultur.se\/index.php?rest_route=\/wp\/v2\/types\/post"}],"author":[{"embeddable":true,"href":"https:\/\/arbetarkultur.se\/index.php?rest_route=\/wp\/v2\/users\/1"}],"replies":[{"embeddable":true,"href":"https:\/\/arbetarkultur.se\/index.php?rest_route=%2Fwp%2Fv2%2Fcomments&post=859"}],"version-history":[{"count":1,"href":"https:\/\/arbetarkultur.se\/index.php?rest_route=\/wp\/v2\/posts\/859\/revisions"}],"predecessor-version":[{"id":860,"href":"https:\/\/arbetarkultur.se\/index.php?rest_route=\/wp\/v2\/posts\/859\/revisions\/860"}],"wp:attachment":[{"href":"https:\/\/arbetarkultur.se\/index.php?rest_route=%2Fwp%2Fv2%2Fmedia&parent=859"}],"wp:term":[{"taxonomy":"category","embeddable":true,"href":"https:\/\/arbetarkultur.se\/index.php?rest_route=%2Fwp%2Fv2%2Fcategories&post=859"},{"taxonomy":"post_tag","embeddable":true,"href":"https:\/\/arbetarkultur.se\/index.php?rest_route=%2Fwp%2Fv2%2Ftags&post=859"}],"curies":[{"name":"wp","href":"https:\/\/api.w.org\/{rel}","templated":true}]}}