{"id":934,"date":"2022-12-23T18:07:31","date_gmt":"2022-12-23T18:07:31","guid":{"rendered":"https:\/\/arbetarkultur.se\/?p=934"},"modified":"2022-12-27T12:23:35","modified_gmt":"2022-12-27T12:23:35","slug":"halsning-fran-aks","status":"publish","type":"post","link":"https:\/\/arbetarkultur.se\/?p=934","title":{"rendered":"H\u00e4lsning fr\u00e5n AKS"},"content":{"rendered":"\n<p>Hej alla medlemmar i Arbetarnas Kulturhistoriska S\u00e4llskap!<\/p>\n\n\n\n<p><strong>\u00c5rets medlemsbok<\/strong><\/p>\n\n\n\n<p>\u00c5rets medlemsbok\u00a0har anl\u00e4nt till Arbetarr\u00f6relsens arkiv och bibliotek och styrelsen har varit ig\u00e5ng med att packa och skicka s\u00e5 alla medlemmar utanf\u00f6r Stockholmsomr\u00e5det b\u00f6r ha f\u00e5tt sin bok vid det h\u00e4r laget. M\u00e5nga reser bort i juldagarna och f\u00f6r att inte f\u00e5 en rad returer s\u00e5 forts\u00e4tter vi med distributionen efter helgerna. Vi planerar d\u00e5 att finnas ett par dagar p\u00e5 ABF-huset p\u00e5 Sveav\u00e4gen f\u00f6r dem som har m\u00f6jlighet att h\u00e4mta d\u00e4r. \u00d6vriga skickar vi naturligtvis till. Vi \u00e5terkommer och ber\u00e4ttar vilka dagar det handlar om.<\/p>\n\n\n\n<p><strong>Fackliga och politiska flyktingar<\/strong><\/p>\n\n\n\n<p>Vi planerar nu f\u00f6r hur vi ska visa den\u00a0film om fackliga och politiska flyktingar 1918-1945\u00a0som i det n\u00e4rmaste \u00e4r f\u00e4rdig. Ut\u00f6ver filmen har vi gjort en liten skrift och en karta. Projektet handlar \u00e4n s\u00e5 l\u00e4nge endast om Stockholm. Men vi planerar en forts\u00e4ttning med minnesinsamling, en bok och ett forskningsprojekt. <a href=\"https:\/\/da.se\/2022\/12\/facket-och-flyktingarna\/\">Tidningen Dagens Arbete har gjort en podd om fackliga flyktingar som man kan lyssna p\u00e5 om man klickar p\u00e5 l\u00e4nken<\/a>.<\/p>\n\n\n\n<p><strong>R\u00f6da Danmark \u2013 intresseanm\u00e4lan till resa<\/strong><\/p>\n\n\n\n<p>Vi hoppas kunna \u00e5teruppta v\u00e5ra r\u00f6da resor kommande \u00e5r. N\u00e4r pandemin slog till hade vi kommit r\u00e4tt l\u00e5ngt med planeringen av en resa till det R\u00f6da Danmark. Vi vill nu g\u00f6ra en intresseunders\u00f6kning f\u00f6r en resa i b\u00f6rjan av september \u2013 antingen med avslut i K\u00f6penhamn och arbetarhistoriefestivalen 9 september eller en b\u00f6rjan 9 september. Alla intresserade uppmanas komma in med en intresseanm\u00e4lan under januari m\u00e5nad \u2013 den \u00e4r inte bindande. Ni kan mejla p\u00e5 <a href=\"mailto:info@arbetarkultur.se\">info@arbetarkultur.se<\/a>.<\/p>\n\n\n\n<p><strong>GOTT NYTT \u00c5R!<\/strong><\/p>\n\n\n\n<p>\u00f6nskar<\/p>\n\n\n\n<p>Styrelsen<\/p>\n","protected":false},"excerpt":{"rendered":"<p>Hej alla medlemmar i Arbetarnas Kulturhistoriska S\u00e4llskap! \u00c5rets medlemsbok \u00c5rets medlemsbok\u00a0har anl\u00e4nt till Arbetarr\u00f6relsens arkiv och bibliotek och styrelsen har varit ig\u00e5ng med att&#8230;<\/p>\n","protected":false},"author":1,"featured_media":0,"comment_status":"open","ping_status":"open","sticky":false,"template":"","format":"standard","meta":{"footnotes":""},"categories":[10,1],"tags":[],"class_list":["post-934","post","type-post","status-publish","format-standard","hentry","category-medlemsinformation","category-nyheter"],"_links":{"self":[{"href":"https:\/\/arbetarkultur.se\/index.php?rest_route=\/wp\/v2\/posts\/934","targetHints":{"allow":["GET"]}}],"collection":[{"href":"https:\/\/arbetarkultur.se\/index.php?rest_route=\/wp\/v2\/posts"}],"about":[{"href":"https:\/\/arbetarkultur.se\/index.php?rest_route=\/wp\/v2\/types\/post"}],"author":[{"embeddable":true,"href":"https:\/\/arbetarkultur.se\/index.php?rest_route=\/wp\/v2\/users\/1"}],"replies":[{"embeddable":true,"href":"https:\/\/arbetarkultur.se\/index.php?rest_route=%2Fwp%2Fv2%2Fcomments&post=934"}],"version-history":[{"count":4,"href":"https:\/\/arbetarkultur.se\/index.php?rest_route=\/wp\/v2\/posts\/934\/revisions"}],"predecessor-version":[{"id":939,"href":"https:\/\/arbetarkultur.se\/index.php?rest_route=\/wp\/v2\/posts\/934\/revisions\/939"}],"wp:attachment":[{"href":"https:\/\/arbetarkultur.se\/index.php?rest_route=%2Fwp%2Fv2%2Fmedia&parent=934"}],"wp:term":[{"taxonomy":"category","embeddable":true,"href":"https:\/\/arbetarkultur.se\/index.php?rest_route=%2Fwp%2Fv2%2Fcategories&post=934"},{"taxonomy":"post_tag","embeddable":true,"href":"https:\/\/arbetarkultur.se\/index.php?rest_route=%2Fwp%2Fv2%2Ftags&post=934"}],"curies":[{"name":"wp","href":"https:\/\/api.w.org\/{rel}","templated":true}]}}